{"id":1353,"date":"2015-09-05T13:54:02","date_gmt":"2015-09-05T13:54:02","guid":{"rendered":"http:\/\/buczny.pl\/renaissance-des-konsoltisches\/"},"modified":"2021-10-26T06:34:29","modified_gmt":"2021-10-26T06:34:29","slug":"renaissance-des-konsoltisches","status":"publish","type":"post","link":"https:\/\/buczny.pl\/de\/renaissance-des-konsoltisches\/","title":{"rendered":"Renaissance des Konsoltisches"},"content":{"rendered":"<p>Konsoltische sind in den Innenr\u00e4umen relativ selten zu treffen. Sie scheinen ein \u00fcberfl\u00fcssiges M\u00f6belst\u00fcck oder eine unn\u00f6tige Ausgabe zu sein. Oft werden sie durch Kommoden ersetzt, die gleich neben dem Eingang gestellt werden und jede Menge Schubladen haben, in denen fast alles sich finden l\u00e4sst. Doch Konsoltische sind nicht nur praktisch, sondern auch \u00e4sthetisch. Ihre feinen Glasformen verleihen dem Innenraum Reiz. Sie sind sch\u00f6ne Zus\u00e4tze, die nicht zu \u00fcbersehen sind. Gleich neben der Eingangst\u00fcr gestellt, sind sie nicht nur ein perfekter Platz f\u00fcr eine Vase mit wunderbar duftenden Blumen, sondern auch ein praktisches Fach f\u00fcr ein Smartphone, Schl\u00fcssel oder eine Handtasche.<\/p>\n<div id=\"attachment_908\" style=\"width: 597px\" class=\"wp-caption aligncenter\"><a href=\"http:\/\/buczny.pl\/wp-content\/uploads\/2015\/09\/konsolka-FiamItalia4.jpg\"><img loading=\"lazy\" decoding=\"async\" aria-describedby=\"caption-attachment-908\" class=\"wp-image-2159\" src=\"https:\/\/buczny.pl\/wp-content\/uploads\/2015\/09\/konsolka-FiamItalia4-1024x683.jpg\" alt=\"Anna Buczny RAUMGESTALTUNG Design der Innenr\u00e4ume im Haus mit umfassender Ausstattung\" width=\"587\" height=\"391\" srcset=\"https:\/\/buczny.pl\/wp-content\/uploads\/2015\/09\/konsolka-FiamItalia4-1024x683.jpg 1024w, https:\/\/buczny.pl\/wp-content\/uploads\/2015\/09\/konsolka-FiamItalia4-300x200.jpg 300w, https:\/\/buczny.pl\/wp-content\/uploads\/2015\/09\/konsolka-FiamItalia4-353x235.jpg 353w, https:\/\/buczny.pl\/wp-content\/uploads\/2015\/09\/konsolka-FiamItalia4-800x533.jpg 800w\" sizes=\"(max-width: 587px) 100vw, 587px\" \/><\/a><p id=\"caption-attachment-908\" class=\"wp-caption-text\">Anna Buczny RAUMGESTALTUNG Design der Innenr\u00e4ume im Haus mit umfassender Ausstattung<\/p><\/div>\n<div id=\"attachment_907\" style=\"width: 597px\" class=\"wp-caption aligncenter\"><a href=\"http:\/\/buczny.pl\/wp-content\/uploads\/2015\/09\/IMGL3568a-2.jpg\"><img loading=\"lazy\" decoding=\"async\" aria-describedby=\"caption-attachment-907\" class=\"  wp-image-2156\" src=\"https:\/\/buczny.pl\/wp-content\/uploads\/2015\/09\/IMGL3568a-2-1024x683.jpg\" alt=\"Anna Buczny RAUMGESTALTUNG Design der Innenr\u00e4ume im Haus mit umfassender Ausstattung\" width=\"587\" height=\"391\" srcset=\"https:\/\/buczny.pl\/wp-content\/uploads\/2015\/09\/IMGL3568a-2-1024x683.jpg 1024w, https:\/\/buczny.pl\/wp-content\/uploads\/2015\/09\/IMGL3568a-2-300x200.jpg 300w, https:\/\/buczny.pl\/wp-content\/uploads\/2015\/09\/IMGL3568a-2-353x235.jpg 353w, https:\/\/buczny.pl\/wp-content\/uploads\/2015\/09\/IMGL3568a-2-800x533.jpg 800w\" sizes=\"(max-width: 587px) 100vw, 587px\" \/><\/a><p id=\"caption-attachment-907\" class=\"wp-caption-text\">Anna Buczny RAUMGESTALTUNG Design der Innenr\u00e4ume im Haus mit umfassender Ausstattung<\/p><\/div>\n<p>An eine leere Wand oder unter den Fernseher gestellt, eignen sie sich perfekt zum Ablegen eines Buches oder der Fernbedienung, oder als Platz f\u00fcr eine Lampe, die nach Einbruch der Dunkelheit angeschaltet eine einzigartige Atmosph\u00e4re erschafft.<\/p>\n<div id=\"attachment_920\" style=\"width: 597px\" class=\"wp-caption aligncenter\"><a href=\"http:\/\/buczny.pl\/wp-content\/uploads\/2015\/09\/IMGL3480a-pop1.jpg\"><img loading=\"lazy\" decoding=\"async\" aria-describedby=\"caption-attachment-920\" class=\"wp-image-2171\" src=\"https:\/\/buczny.pl\/wp-content\/uploads\/2015\/09\/IMGL3480a-pop1-1024x682.jpg\" alt=\"Anna Buczny RAUMGESTALTUNG Design der Innenr\u00e4ume im Haus mit umfassender Ausstattung\" width=\"587\" height=\"391\" srcset=\"https:\/\/buczny.pl\/wp-content\/uploads\/2015\/09\/IMGL3480a-pop1-1024x682.jpg 1024w, https:\/\/buczny.pl\/wp-content\/uploads\/2015\/09\/IMGL3480a-pop1-300x200.jpg 300w, https:\/\/buczny.pl\/wp-content\/uploads\/2015\/09\/IMGL3480a-pop1-353x235.jpg 353w, https:\/\/buczny.pl\/wp-content\/uploads\/2015\/09\/IMGL3480a-pop1-800x533.jpg 800w\" sizes=\"(max-width: 587px) 100vw, 587px\" \/><\/a><p id=\"caption-attachment-920\" class=\"wp-caption-text\">Anna Buczny RAUMGESTALTUNG Design der Innenr\u00e4ume im Haus mit umfassender Ausstattung<\/p><\/div>\n<p>Das Spiel mit den Zus\u00e4tzen bei der Ausstattung des Hauses bereitet viel Spa\u00df und kann wunderbare Effekte bringen. Doch die Entscheidungen, die am Ende getroffen werden, k\u00f6nnen ohne ein fr\u00fcher vorbereitetes Design nicht umgesetzt werden. Damit der Endeffekt die Erwartungen erf\u00fcllt, braucht\u00a0 man ein professionell vorbereitetes Design, der eine klare Vision des Ziels darstellt.<\/p>\n<p><strong>Die Ausstattung der dargestellten R\u00e4ume finden Sie im Handelsangebot von\u00a0Anna Buczny RAUMGESTALTUNG<\/strong><\/p>\n","protected":false},"excerpt":{"rendered":"<p>Konsoltische sind in den Innenr\u00e4umen relativ selten zu treffen. Sie scheinen ein \u00fcberfl\u00fcssiges M\u00f6belst\u00fcck oder [&hellip;]<\/p>\n","protected":false},"author":3,"featured_media":2791,"comment_status":"closed","ping_status":"open","sticky":true,"template":"","format":"standard","meta":{"_acf_changed":false,"ngg_post_thumbnail":0,"footnotes":""},"categories":[142],"tags":[],"class_list":["post-1353","post","type-post","status-publish","format-standard","has-post-thumbnail","hentry","category-blog-de"],"acf":[],"yoast_head":"<!-- This site is optimized with the Yoast SEO plugin v23.5 - https:\/\/yoast.com\/wordpress\/plugins\/seo\/ -->\n<title>Renaissance des Konsoltisches - Anna Buczny Projektowanie i Aran\u017cacja Wn\u0119trz<\/title>\n<meta name=\"robots\" content=\"index, follow, max-snippet:-1, max-image-preview:large, max-video-preview:-1\" \/>\n<link rel=\"canonical\" href=\"https:\/\/buczny.pl\/de\/renaissance-des-konsoltisches\/\" \/>\n<meta property=\"og:locale\" content=\"de_DE\" \/>\n<meta property=\"og:type\" content=\"article\" \/>\n<meta property=\"og:title\" content=\"Renaissance des Konsoltisches - Anna Buczny Projektowanie i Aran\u017cacja Wn\u0119trz\" \/>\n<meta property=\"og:description\" content=\"Konsoltische sind in den Innenr\u00e4umen relativ selten zu treffen. Sie scheinen ein \u00fcberfl\u00fcssiges M\u00f6belst\u00fcck oder [&hellip;]\" \/>\n<meta property=\"og:url\" content=\"https:\/\/buczny.pl\/de\/renaissance-des-konsoltisches\/\" \/>\n<meta property=\"og:site_name\" content=\"Anna Buczny Projektowanie i Aran\u017cacja Wn\u0119trz\" \/>\n<meta property=\"article:published_time\" content=\"2015-09-05T13:54:02+00:00\" \/>\n<meta property=\"article:modified_time\" content=\"2021-10-26T06:34:29+00:00\" \/>\n<meta property=\"og:image\" content=\"https:\/\/buczny.pl\/wp-content\/uploads\/2015\/09\/renesans-konsolki.jpg\" \/>\n\t<meta property=\"og:image:width\" content=\"370\" \/>\n\t<meta property=\"og:image:height\" content=\"251\" \/>\n\t<meta property=\"og:image:type\" content=\"image\/jpeg\" \/>\n<meta name=\"author\" content=\"Anna Buczny\" \/>\n<meta name=\"twitter:label1\" content=\"Verfasst von\" \/>\n\t<meta name=\"twitter:data1\" content=\"Anna Buczny\" \/>\n\t<meta name=\"twitter:label2\" content=\"Gesch\u00e4tzte Lesezeit\" \/>\n\t<meta name=\"twitter:data2\" content=\"1\u00a0Minute\" \/>\n<script type=\"application\/ld+json\" class=\"yoast-schema-graph\">{\"@context\":\"https:\/\/schema.org\",\"@graph\":[{\"@type\":\"WebPage\",\"@id\":\"https:\/\/buczny.pl\/de\/renaissance-des-konsoltisches\/\",\"url\":\"https:\/\/buczny.pl\/de\/renaissance-des-konsoltisches\/\",\"name\":\"Renaissance des Konsoltisches - Anna Buczny Projektowanie i Aran\u017cacja Wn\u0119trz\",\"isPartOf\":{\"@id\":\"https:\/\/buczny.pl\/en\/#website\"},\"primaryImageOfPage\":{\"@id\":\"https:\/\/buczny.pl\/de\/renaissance-des-konsoltisches\/#primaryimage\"},\"image\":{\"@id\":\"https:\/\/buczny.pl\/de\/renaissance-des-konsoltisches\/#primaryimage\"},\"thumbnailUrl\":\"https:\/\/buczny.pl\/wp-content\/uploads\/2015\/09\/renesans-konsolki.jpg\",\"datePublished\":\"2015-09-05T13:54:02+00:00\",\"dateModified\":\"2021-10-26T06:34:29+00:00\",\"author\":{\"@id\":\"https:\/\/buczny.pl\/en\/#\/schema\/person\/86ba05c49d3ef46476d86e646e57f0f7\"},\"breadcrumb\":{\"@id\":\"https:\/\/buczny.pl\/de\/renaissance-des-konsoltisches\/#breadcrumb\"},\"inLanguage\":\"de\",\"potentialAction\":[{\"@type\":\"ReadAction\",\"target\":[\"https:\/\/buczny.pl\/de\/renaissance-des-konsoltisches\/\"]}]},{\"@type\":\"ImageObject\",\"inLanguage\":\"de\",\"@id\":\"https:\/\/buczny.pl\/de\/renaissance-des-konsoltisches\/#primaryimage\",\"url\":\"https:\/\/buczny.pl\/wp-content\/uploads\/2015\/09\/renesans-konsolki.jpg\",\"contentUrl\":\"https:\/\/buczny.pl\/wp-content\/uploads\/2015\/09\/renesans-konsolki.jpg\",\"width\":370,\"height\":251},{\"@type\":\"BreadcrumbList\",\"@id\":\"https:\/\/buczny.pl\/de\/renaissance-des-konsoltisches\/#breadcrumb\",\"itemListElement\":[{\"@type\":\"ListItem\",\"position\":1,\"name\":\"Strona g\u0142\u00f3wna\",\"item\":\"https:\/\/buczny.pl\/de\/\"},{\"@type\":\"ListItem\",\"position\":2,\"name\":\"Renaissance des Konsoltisches\"}]},{\"@type\":\"WebSite\",\"@id\":\"https:\/\/buczny.pl\/en\/#website\",\"url\":\"https:\/\/buczny.pl\/en\/\",\"name\":\"Anna Buczny Projektowanie i Aran\u017cacja Wn\u0119trz\",\"description\":\"Projektowanie i Aran\u017cacja Wn\u0119trz\",\"potentialAction\":[{\"@type\":\"SearchAction\",\"target\":{\"@type\":\"EntryPoint\",\"urlTemplate\":\"https:\/\/buczny.pl\/en\/?s={search_term_string}\"},\"query-input\":{\"@type\":\"PropertyValueSpecification\",\"valueRequired\":true,\"valueName\":\"search_term_string\"}}],\"inLanguage\":\"de\"},{\"@type\":\"Person\",\"@id\":\"https:\/\/buczny.pl\/en\/#\/schema\/person\/86ba05c49d3ef46476d86e646e57f0f7\",\"name\":\"Anna Buczny\",\"description\":\"Architekt &amp; Founder Anna Buczny PI\u0118KNE WN\u0118TRZA\",\"sameAs\":[\"http:\/\/www.buczny.pl\"]}]}<\/script>\n<!-- \/ Yoast SEO plugin. -->","yoast_head_json":{"title":"Renaissance des Konsoltisches - Anna Buczny Projektowanie i Aran\u017cacja Wn\u0119trz","robots":{"index":"index","follow":"follow","max-snippet":"max-snippet:-1","max-image-preview":"max-image-preview:large","max-video-preview":"max-video-preview:-1"},"canonical":"https:\/\/buczny.pl\/de\/renaissance-des-konsoltisches\/","og_locale":"de_DE","og_type":"article","og_title":"Renaissance des Konsoltisches - Anna Buczny Projektowanie i Aran\u017cacja Wn\u0119trz","og_description":"Konsoltische sind in den Innenr\u00e4umen relativ selten zu treffen. Sie scheinen ein \u00fcberfl\u00fcssiges M\u00f6belst\u00fcck oder [&hellip;]","og_url":"https:\/\/buczny.pl\/de\/renaissance-des-konsoltisches\/","og_site_name":"Anna Buczny Projektowanie i Aran\u017cacja Wn\u0119trz","article_published_time":"2015-09-05T13:54:02+00:00","article_modified_time":"2021-10-26T06:34:29+00:00","og_image":[{"width":370,"height":251,"url":"https:\/\/buczny.pl\/wp-content\/uploads\/2015\/09\/renesans-konsolki.jpg","type":"image\/jpeg"}],"author":"Anna Buczny","twitter_misc":{"Verfasst von":"Anna Buczny","Gesch\u00e4tzte Lesezeit":"1\u00a0Minute"},"schema":{"@context":"https:\/\/schema.org","@graph":[{"@type":"WebPage","@id":"https:\/\/buczny.pl\/de\/renaissance-des-konsoltisches\/","url":"https:\/\/buczny.pl\/de\/renaissance-des-konsoltisches\/","name":"Renaissance des Konsoltisches - Anna Buczny Projektowanie i Aran\u017cacja Wn\u0119trz","isPartOf":{"@id":"https:\/\/buczny.pl\/en\/#website"},"primaryImageOfPage":{"@id":"https:\/\/buczny.pl\/de\/renaissance-des-konsoltisches\/#primaryimage"},"image":{"@id":"https:\/\/buczny.pl\/de\/renaissance-des-konsoltisches\/#primaryimage"},"thumbnailUrl":"https:\/\/buczny.pl\/wp-content\/uploads\/2015\/09\/renesans-konsolki.jpg","datePublished":"2015-09-05T13:54:02+00:00","dateModified":"2021-10-26T06:34:29+00:00","author":{"@id":"https:\/\/buczny.pl\/en\/#\/schema\/person\/86ba05c49d3ef46476d86e646e57f0f7"},"breadcrumb":{"@id":"https:\/\/buczny.pl\/de\/renaissance-des-konsoltisches\/#breadcrumb"},"inLanguage":"de","potentialAction":[{"@type":"ReadAction","target":["https:\/\/buczny.pl\/de\/renaissance-des-konsoltisches\/"]}]},{"@type":"ImageObject","inLanguage":"de","@id":"https:\/\/buczny.pl\/de\/renaissance-des-konsoltisches\/#primaryimage","url":"https:\/\/buczny.pl\/wp-content\/uploads\/2015\/09\/renesans-konsolki.jpg","contentUrl":"https:\/\/buczny.pl\/wp-content\/uploads\/2015\/09\/renesans-konsolki.jpg","width":370,"height":251},{"@type":"BreadcrumbList","@id":"https:\/\/buczny.pl\/de\/renaissance-des-konsoltisches\/#breadcrumb","itemListElement":[{"@type":"ListItem","position":1,"name":"Strona g\u0142\u00f3wna","item":"https:\/\/buczny.pl\/de\/"},{"@type":"ListItem","position":2,"name":"Renaissance des Konsoltisches"}]},{"@type":"WebSite","@id":"https:\/\/buczny.pl\/en\/#website","url":"https:\/\/buczny.pl\/en\/","name":"Anna Buczny Projektowanie i Aran\u017cacja Wn\u0119trz","description":"Projektowanie i Aran\u017cacja Wn\u0119trz","potentialAction":[{"@type":"SearchAction","target":{"@type":"EntryPoint","urlTemplate":"https:\/\/buczny.pl\/en\/?s={search_term_string}"},"query-input":{"@type":"PropertyValueSpecification","valueRequired":true,"valueName":"search_term_string"}}],"inLanguage":"de"},{"@type":"Person","@id":"https:\/\/buczny.pl\/en\/#\/schema\/person\/86ba05c49d3ef46476d86e646e57f0f7","name":"Anna Buczny","description":"Architekt &amp; Founder Anna Buczny PI\u0118KNE WN\u0118TRZA","sameAs":["http:\/\/www.buczny.pl"]}]}},"_links":{"self":[{"href":"https:\/\/buczny.pl\/de\/wp-json\/wp\/v2\/posts\/1353"}],"collection":[{"href":"https:\/\/buczny.pl\/de\/wp-json\/wp\/v2\/posts"}],"about":[{"href":"https:\/\/buczny.pl\/de\/wp-json\/wp\/v2\/types\/post"}],"author":[{"embeddable":true,"href":"https:\/\/buczny.pl\/de\/wp-json\/wp\/v2\/users\/3"}],"replies":[{"embeddable":true,"href":"https:\/\/buczny.pl\/de\/wp-json\/wp\/v2\/comments?post=1353"}],"version-history":[{"count":0,"href":"https:\/\/buczny.pl\/de\/wp-json\/wp\/v2\/posts\/1353\/revisions"}],"wp:featuredmedia":[{"embeddable":true,"href":"https:\/\/buczny.pl\/de\/wp-json\/wp\/v2\/media\/2791"}],"wp:attachment":[{"href":"https:\/\/buczny.pl\/de\/wp-json\/wp\/v2\/media?parent=1353"}],"wp:term":[{"taxonomy":"category","embeddable":true,"href":"https:\/\/buczny.pl\/de\/wp-json\/wp\/v2\/categories?post=1353"},{"taxonomy":"post_tag","embeddable":true,"href":"https:\/\/buczny.pl\/de\/wp-json\/wp\/v2\/tags?post=1353"}],"curies":[{"name":"wp","href":"https:\/\/api.w.org\/{rel}","templated":true}]}}