{"id":1349,"date":"2015-08-19T09:03:50","date_gmt":"2015-08-19T09:03:50","guid":{"rendered":"http:\/\/buczny.pl\/spiegel-im-badezimmer-notwendigkeit-oder\/"},"modified":"2021-10-26T06:34:30","modified_gmt":"2021-10-26T06:34:30","slug":"spiegel-im-badezimmer-notwendigkeit-oder","status":"publish","type":"post","link":"https:\/\/buczny.pl\/de\/spiegel-im-badezimmer-notwendigkeit-oder\/","title":{"rendered":"Spiegel im Badezimmer, Notwendigkeit oder \u2026"},"content":{"rendered":"<p>Ein Spiegel im Badezimmer hilft nicht nur bei der t\u00e4glichen K\u00f6rperpflege, sondern kann auch den Raum optisch vergr\u00f6\u00dfern. Die einzige Grenze der M\u00f6glichkeiten ist das Vorstellungsverm\u00f6gen und in gewissem Masse auch das Format\u00a0 der Spiegelplatte. Jedoch nur in gewissem Masse, weil die Verbindungen beim Entwerfen des Badezimmers pr\u00e4zise geplant und \u201eunsichtbar\u201d gemacht werden k\u00f6nnen.<\/p>\n<dl id=\"attachment_872\" class=\"wp-caption aligncenter\" style=\"width: 464px;\">\n<dt class=\"wp-caption-dt\">\n<div id=\"attachment_872\" style=\"width: 464px\" class=\"wp-caption aligncenter\"><a href=\"http:\/\/buczny.pl\/wp-content\/uploads\/2015\/08\/IMG_0164.jpg\"><img loading=\"lazy\" decoding=\"async\" aria-describedby=\"caption-attachment-872\" class=\"wp-image-2108\" src=\"https:\/\/buczny.pl\/wp-content\/uploads\/2015\/08\/IMG_0164-1024x1024.jpg\" alt=\"Anna Buczny PROJEKTOWANIE WN\u0118TRZ Projekt \u0142azienki, kompleksowe wykonawstwo i wyposa\u017cenie pod klucz\" width=\"454\" height=\"454\" srcset=\"https:\/\/buczny.pl\/wp-content\/uploads\/2015\/08\/IMG_0164-1024x1024.jpg 1024w, https:\/\/buczny.pl\/wp-content\/uploads\/2015\/08\/IMG_0164-150x150.jpg 150w, https:\/\/buczny.pl\/wp-content\/uploads\/2015\/08\/IMG_0164-300x300.jpg 300w, https:\/\/buczny.pl\/wp-content\/uploads\/2015\/08\/IMG_0164-353x353.jpg 353w, https:\/\/buczny.pl\/wp-content\/uploads\/2015\/08\/IMG_0164-600x600.jpg 600w, https:\/\/buczny.pl\/wp-content\/uploads\/2015\/08\/IMG_0164.jpg 2048w\" sizes=\"(max-width: 454px) 100vw, 454px\" \/><\/a><p id=\"caption-attachment-872\" class=\"wp-caption-text\">Anna Buczny RAUMGESTALTUNG Design eines Badezimmers, umfassende und schl\u00fcsselfertige Ausf\u00fchrung und Ausstattung.<\/p><\/div>\n<\/dt>\n<\/dl>\n<dl id=\"attachment_874\" class=\"wp-caption aligncenter\" style=\"width: 464px;\">\n<dt class=\"wp-caption-dt\">\n<div id=\"attachment_874\" style=\"width: 464px\" class=\"wp-caption aligncenter\"><a href=\"http:\/\/buczny.pl\/wp-content\/uploads\/2015\/08\/IMG_0133.jpg\"><img loading=\"lazy\" decoding=\"async\" aria-describedby=\"caption-attachment-874\" class=\"wp-image-2111\" src=\"https:\/\/buczny.pl\/wp-content\/uploads\/2015\/08\/IMG_0133-1024x1024.jpg\" alt=\"Anna Buczny PROJEKTOWANIE WN\u0118TRZ Projekt \u0142azienki, kompleksowe wykonawstwo i wyposa\u017cenie pod klucz\" width=\"454\" height=\"454\" srcset=\"https:\/\/buczny.pl\/wp-content\/uploads\/2015\/08\/IMG_0133-1024x1024.jpg 1024w, https:\/\/buczny.pl\/wp-content\/uploads\/2015\/08\/IMG_0133-150x150.jpg 150w, https:\/\/buczny.pl\/wp-content\/uploads\/2015\/08\/IMG_0133-300x300.jpg 300w, https:\/\/buczny.pl\/wp-content\/uploads\/2015\/08\/IMG_0133-353x353.jpg 353w, https:\/\/buczny.pl\/wp-content\/uploads\/2015\/08\/IMG_0133-600x600.jpg 600w, https:\/\/buczny.pl\/wp-content\/uploads\/2015\/08\/IMG_0133.jpg 2048w\" sizes=\"(max-width: 454px) 100vw, 454px\" \/><\/a><p id=\"caption-attachment-874\" class=\"wp-caption-text\">Anna Buczny RAUMGESTALTUNG Design eines Badezimmers, umfassende und schl\u00fcsselfertige Ausf\u00fchrung und Ausstattung.<\/p><\/div>\n<\/dt>\n<\/dl>\n<p>Der Spiegel kann auch ein Ausstattungselement sein, das die \u00c4sthetik des Innenraums deutlich verbessert und seine Vorteile hervorhebt. Heute bieten die meisten renommierten Hersteller eine Reihe von Zus\u00e4tzen an, darunter auch Spiegel, mit denen man Salons, Flure und Badezimmer sch\u00f6n verzieren kann.<\/p>\n<dl id=\"attachment_875\" class=\"wp-caption aligncenter\" style=\"width: 464px;\">\n<dt class=\"wp-caption-dt\">\n<div id=\"attachment_875\" style=\"width: 464px\" class=\"wp-caption aligncenter\"><a href=\"http:\/\/buczny.pl\/wp-content\/uploads\/2015\/08\/IMG_0082.jpg\"><img loading=\"lazy\" decoding=\"async\" aria-describedby=\"caption-attachment-875\" class=\"wp-image-2114\" src=\"https:\/\/buczny.pl\/wp-content\/uploads\/2015\/08\/IMG_0082-1024x1024.jpg\" alt=\"Anna Buczny PROJEKTOWANIE WN\u0118TRZ Projekt \u0142azienki, kompleksowe wykonawstwo i wyposa\u017cenie pod klucz\" width=\"454\" height=\"454\" srcset=\"https:\/\/buczny.pl\/wp-content\/uploads\/2015\/08\/IMG_0082-1024x1024.jpg 1024w, https:\/\/buczny.pl\/wp-content\/uploads\/2015\/08\/IMG_0082-150x150.jpg 150w, https:\/\/buczny.pl\/wp-content\/uploads\/2015\/08\/IMG_0082-300x300.jpg 300w, https:\/\/buczny.pl\/wp-content\/uploads\/2015\/08\/IMG_0082-353x353.jpg 353w, https:\/\/buczny.pl\/wp-content\/uploads\/2015\/08\/IMG_0082-600x600.jpg 600w, https:\/\/buczny.pl\/wp-content\/uploads\/2015\/08\/IMG_0082.jpg 2048w\" sizes=\"(max-width: 454px) 100vw, 454px\" \/><\/a><p id=\"caption-attachment-875\" class=\"wp-caption-text\">Anna Buczny RAUMGESTALTUNG Design eines Badezimmers, umfassende und schl\u00fcsselfertige Ausf\u00fchrung und Ausstattung.<\/p><\/div>\n<\/dt>\n<\/dl>\n<dl id=\"attachment_876\" class=\"wp-caption aligncenter\" style=\"width: 464px;\">\n<dt class=\"wp-caption-dt\">\n<div id=\"attachment_876\" style=\"width: 464px\" class=\"wp-caption aligncenter\"><a href=\"http:\/\/buczny.pl\/wp-content\/uploads\/2015\/08\/IMG_0064.jpg\"><img loading=\"lazy\" decoding=\"async\" aria-describedby=\"caption-attachment-876\" class=\"wp-image-2117\" src=\"https:\/\/buczny.pl\/wp-content\/uploads\/2015\/08\/IMG_0064-1024x1024.jpg\" alt=\"Anna Buczny PROJEKTOWANIE WN\u0118TRZ Projekt \u0142azienki, kompleksowe wykonawstwo i wyposa\u017cenie pod klucz\" width=\"454\" height=\"454\" srcset=\"https:\/\/buczny.pl\/wp-content\/uploads\/2015\/08\/IMG_0064-1024x1024.jpg 1024w, https:\/\/buczny.pl\/wp-content\/uploads\/2015\/08\/IMG_0064-150x150.jpg 150w, https:\/\/buczny.pl\/wp-content\/uploads\/2015\/08\/IMG_0064-300x300.jpg 300w, https:\/\/buczny.pl\/wp-content\/uploads\/2015\/08\/IMG_0064-353x353.jpg 353w, https:\/\/buczny.pl\/wp-content\/uploads\/2015\/08\/IMG_0064-600x600.jpg 600w, https:\/\/buczny.pl\/wp-content\/uploads\/2015\/08\/IMG_0064.jpg 2048w\" sizes=\"(max-width: 454px) 100vw, 454px\" \/><\/a><p id=\"caption-attachment-876\" class=\"wp-caption-text\">Anna Buczny RAUMGESTALTUNG Design eines Badezimmers, umfassende und schl\u00fcsselfertige Ausf\u00fchrung und Ausstattung.<\/p><\/div>\n<\/dt>\n<\/dl>\n<dl id=\"attachment_878\" class=\"wp-caption aligncenter\" style=\"width: 464px;\">\n<dt class=\"wp-caption-dt\">\n<div id=\"attachment_878\" style=\"width: 464px\" class=\"wp-caption aligncenter\"><a href=\"http:\/\/buczny.pl\/wp-content\/uploads\/2015\/08\/IMG_0156.jpg\"><img loading=\"lazy\" decoding=\"async\" aria-describedby=\"caption-attachment-878\" class=\"wp-image-2120\" src=\"https:\/\/buczny.pl\/wp-content\/uploads\/2015\/08\/IMG_0156-1024x1024.jpg\" alt=\"Anna Buczny PROJEKTOWANIE WN\u0118TRZ Projekt \u0142azienki, kompleksowe wykonawstwo i wyposa\u017cenie pod klucz\" width=\"454\" height=\"454\" srcset=\"https:\/\/buczny.pl\/wp-content\/uploads\/2015\/08\/IMG_0156-1024x1024.jpg 1024w, https:\/\/buczny.pl\/wp-content\/uploads\/2015\/08\/IMG_0156-150x150.jpg 150w, https:\/\/buczny.pl\/wp-content\/uploads\/2015\/08\/IMG_0156-300x300.jpg 300w, https:\/\/buczny.pl\/wp-content\/uploads\/2015\/08\/IMG_0156-353x353.jpg 353w, https:\/\/buczny.pl\/wp-content\/uploads\/2015\/08\/IMG_0156-600x600.jpg 600w, https:\/\/buczny.pl\/wp-content\/uploads\/2015\/08\/IMG_0156.jpg 2048w\" sizes=\"(max-width: 454px) 100vw, 454px\" \/><\/a><p id=\"caption-attachment-878\" class=\"wp-caption-text\">Anna Buczny RAUMGESTALTUNG Design eines Badezimmers, umfassende und schl\u00fcsselfertige Ausf\u00fchrung und Ausstattung.<\/p><\/div>\n<\/dt>\n<\/dl>\n<p>Ein Detail, das ein Spiegel sein kann, muss gut \u00fcberlegt und nicht tendenzi\u00f6s sein, wenn man einen attraktiven Raum erschaffen will.<\/p>\n<dl id=\"attachment_885\" class=\"wp-caption aligncenter\" style=\"width: 464px;\">\n<dt class=\"wp-caption-dt\">\n<div id=\"attachment_885\" style=\"width: 464px\" class=\"wp-caption aligncenter\"><a href=\"http:\/\/buczny.pl\/wp-content\/uploads\/2015\/08\/IMG_5759-21.jpg\"><img loading=\"lazy\" decoding=\"async\" aria-describedby=\"caption-attachment-885\" class=\"wp-image-2126\" src=\"https:\/\/buczny.pl\/wp-content\/uploads\/2015\/08\/IMG_5759-21-723x1024.jpg\" alt=\"Anna Buczny PROJEKTOWANIE WN\u0118TRZ Projekt \u0142azienki z kompleksowym wyposa\u017ceniem \" width=\"454\" height=\"643\" srcset=\"https:\/\/buczny.pl\/wp-content\/uploads\/2015\/08\/IMG_5759-21.jpg 723w, https:\/\/buczny.pl\/wp-content\/uploads\/2015\/08\/IMG_5759-21-212x300.jpg 212w, https:\/\/buczny.pl\/wp-content\/uploads\/2015\/08\/IMG_5759-21-353x500.jpg 353w, https:\/\/buczny.pl\/wp-content\/uploads\/2015\/08\/IMG_5759-21-424x600.jpg 424w\" sizes=\"(max-width: 454px) 100vw, 454px\" \/><\/a><p id=\"caption-attachment-885\" class=\"wp-caption-text\">Anna Buczny RAUMGESTALTUNG Design eines Badezimmers, umfassende und schl\u00fcsselfertige Ausf\u00fchrung und Ausstattung.<\/p><\/div>\n<\/dt>\n<\/dl>\n<dl id=\"attachment_886\" class=\"wp-caption aligncenter\" style=\"width: 464px;\">\n<dt class=\"wp-caption-dt\">\n<div id=\"attachment_886\" style=\"width: 464px\" class=\"wp-caption aligncenter\"><a href=\"http:\/\/buczny.pl\/wp-content\/uploads\/2015\/08\/IMGM9449a-pop.jpg\"><img loading=\"lazy\" decoding=\"async\" aria-describedby=\"caption-attachment-886\" class=\"wp-image-2129\" src=\"https:\/\/buczny.pl\/wp-content\/uploads\/2015\/08\/IMGM9449a-pop-1024x683.jpg\" alt=\"Anna Buczny PROJEKTOWANIE WN\u0118TRZ Projekt \u0142azienki z kompleksowym wyposa\u017ceniem\" width=\"454\" height=\"303\" srcset=\"https:\/\/buczny.pl\/wp-content\/uploads\/2015\/08\/IMGM9449a-pop-1024x683.jpg 1024w, https:\/\/buczny.pl\/wp-content\/uploads\/2015\/08\/IMGM9449a-pop-300x200.jpg 300w, https:\/\/buczny.pl\/wp-content\/uploads\/2015\/08\/IMGM9449a-pop-353x235.jpg 353w, https:\/\/buczny.pl\/wp-content\/uploads\/2015\/08\/IMGM9449a-pop-800x533.jpg 800w, https:\/\/buczny.pl\/wp-content\/uploads\/2015\/08\/IMGM9449a-pop.jpg 1512w\" sizes=\"(max-width: 454px) 100vw, 454px\" \/><\/a><p id=\"caption-attachment-886\" class=\"wp-caption-text\">Anna Buczny RAUMGESTALTUNG Design eines Badezimmers, umfassende und schl\u00fcsselfertige Ausf\u00fchrung und Ausstattung.<\/p><\/div>\n<\/dt>\n<\/dl>\n<dl id=\"attachment_888\" class=\"wp-caption aligncenter\" style=\"width: 464px;\">\n<dt class=\"wp-caption-dt\">\n<div id=\"attachment_888\" style=\"width: 464px\" class=\"wp-caption aligncenter\"><a href=\"http:\/\/buczny.pl\/wp-content\/uploads\/2015\/08\/IMGM9222-5-kopia-gotowe.jpg\"><img loading=\"lazy\" decoding=\"async\" aria-describedby=\"caption-attachment-888\" class=\"wp-image-2132\" src=\"https:\/\/buczny.pl\/wp-content\/uploads\/2015\/08\/IMGM9222-5-kopia-gotowe-683x1024.jpg\" alt=\"Anna Buczny PROJEKTOWANIE WN\u0118TRZ Projekt \u0142azienki z kompleksowym wyposa\u017ceniem\" width=\"454\" height=\"681\" srcset=\"https:\/\/buczny.pl\/wp-content\/uploads\/2015\/08\/IMGM9222-5-kopia-gotowe-683x1024.jpg 683w, https:\/\/buczny.pl\/wp-content\/uploads\/2015\/08\/IMGM9222-5-kopia-gotowe-200x300.jpg 200w, https:\/\/buczny.pl\/wp-content\/uploads\/2015\/08\/IMGM9222-5-kopia-gotowe-353x530.jpg 353w, https:\/\/buczny.pl\/wp-content\/uploads\/2015\/08\/IMGM9222-5-kopia-gotowe-400x600.jpg 400w, https:\/\/buczny.pl\/wp-content\/uploads\/2015\/08\/IMGM9222-5-kopia-gotowe.jpg 1795w\" sizes=\"(max-width: 454px) 100vw, 454px\" \/><\/a><p id=\"caption-attachment-888\" class=\"wp-caption-text\">Anna Buczny RAUMGESTALTUNG Design eines Badezimmers, umfassende und schl\u00fcsselfertige Ausf\u00fchrung und Ausstattung.<\/p><\/div>\n<\/dt>\n<\/dl>\n<p>Die Zus\u00e4tze beeinflussen oft die allgemeine Bewertung, pr\u00e4gen den Charakter des Innenraums. Sie sind die Krone der Ausstattung. Es lohnt sich also, ihre Anwendung gut zu \u00fcberlegen und sich von einer Fachperson beraten lassen, bevor man etwas aus dem Angebot der L\u00e4den ausw\u00e4hlt, die nicht unbedingt ausgesuchte Zus\u00e4tze, M\u00f6bel oder Lampen anbieten.<\/p>\n<p><strong>Die Ausstattung der dargestellten R\u00e4ume finden Sie im Handelsangebot von<\/strong><\/p>\n<p><strong>Anna Buczny RAUMGESTALTUNG<\/strong><\/p>\n","protected":false},"excerpt":{"rendered":"<p>Ein Spiegel im Badezimmer hilft nicht nur bei der t\u00e4glichen K\u00f6rperpflege, sondern kann auch den [&hellip;]<\/p>\n","protected":false},"author":3,"featured_media":2796,"comment_status":"closed","ping_status":"open","sticky":true,"template":"","format":"standard","meta":{"_acf_changed":false,"ngg_post_thumbnail":0,"footnotes":""},"categories":[142],"tags":[],"class_list":["post-1349","post","type-post","status-publish","format-standard","has-post-thumbnail","hentry","category-blog-de"],"acf":[],"yoast_head":"<!-- This site is optimized with the Yoast SEO plugin v23.5 - https:\/\/yoast.com\/wordpress\/plugins\/seo\/ -->\n<title>Spiegel im Badezimmer, Notwendigkeit oder \u2026 - Anna Buczny Projektowanie i Aran\u017cacja Wn\u0119trz<\/title>\n<meta name=\"robots\" content=\"index, follow, max-snippet:-1, max-image-preview:large, max-video-preview:-1\" \/>\n<link rel=\"canonical\" href=\"https:\/\/buczny.pl\/de\/spiegel-im-badezimmer-notwendigkeit-oder\/\" \/>\n<meta property=\"og:locale\" content=\"de_DE\" \/>\n<meta property=\"og:type\" content=\"article\" \/>\n<meta property=\"og:title\" content=\"Spiegel im Badezimmer, Notwendigkeit oder \u2026 - Anna Buczny Projektowanie i Aran\u017cacja Wn\u0119trz\" \/>\n<meta property=\"og:description\" content=\"Ein Spiegel im Badezimmer hilft nicht nur bei der t\u00e4glichen K\u00f6rperpflege, sondern kann auch den [&hellip;]\" \/>\n<meta property=\"og:url\" content=\"https:\/\/buczny.pl\/de\/spiegel-im-badezimmer-notwendigkeit-oder\/\" \/>\n<meta property=\"og:site_name\" content=\"Anna Buczny Projektowanie i Aran\u017cacja Wn\u0119trz\" \/>\n<meta property=\"article:published_time\" content=\"2015-08-19T09:03:50+00:00\" \/>\n<meta property=\"article:modified_time\" content=\"2021-10-26T06:34:30+00:00\" \/>\n<meta property=\"og:image\" content=\"https:\/\/buczny.pl\/wp-content\/uploads\/2015\/08\/lustro-w-lazience-koniecznosc-czy.jpg\" \/>\n\t<meta property=\"og:image:width\" content=\"370\" \/>\n\t<meta property=\"og:image:height\" content=\"247\" \/>\n\t<meta property=\"og:image:type\" content=\"image\/jpeg\" \/>\n<meta name=\"author\" content=\"Anna Buczny\" \/>\n<meta name=\"twitter:label1\" content=\"Verfasst von\" \/>\n\t<meta name=\"twitter:data1\" content=\"Anna Buczny\" \/>\n\t<meta name=\"twitter:label2\" content=\"Gesch\u00e4tzte Lesezeit\" \/>\n\t<meta name=\"twitter:data2\" content=\"2\u00a0Minuten\" \/>\n<script type=\"application\/ld+json\" class=\"yoast-schema-graph\">{\"@context\":\"https:\/\/schema.org\",\"@graph\":[{\"@type\":\"WebPage\",\"@id\":\"https:\/\/buczny.pl\/de\/spiegel-im-badezimmer-notwendigkeit-oder\/\",\"url\":\"https:\/\/buczny.pl\/de\/spiegel-im-badezimmer-notwendigkeit-oder\/\",\"name\":\"Spiegel im Badezimmer, Notwendigkeit oder \u2026 - Anna Buczny Projektowanie i Aran\u017cacja Wn\u0119trz\",\"isPartOf\":{\"@id\":\"https:\/\/buczny.pl\/en\/#website\"},\"primaryImageOfPage\":{\"@id\":\"https:\/\/buczny.pl\/de\/spiegel-im-badezimmer-notwendigkeit-oder\/#primaryimage\"},\"image\":{\"@id\":\"https:\/\/buczny.pl\/de\/spiegel-im-badezimmer-notwendigkeit-oder\/#primaryimage\"},\"thumbnailUrl\":\"https:\/\/buczny.pl\/wp-content\/uploads\/2015\/08\/lustro-w-lazience-koniecznosc-czy.jpg\",\"datePublished\":\"2015-08-19T09:03:50+00:00\",\"dateModified\":\"2021-10-26T06:34:30+00:00\",\"author\":{\"@id\":\"https:\/\/buczny.pl\/en\/#\/schema\/person\/86ba05c49d3ef46476d86e646e57f0f7\"},\"breadcrumb\":{\"@id\":\"https:\/\/buczny.pl\/de\/spiegel-im-badezimmer-notwendigkeit-oder\/#breadcrumb\"},\"inLanguage\":\"de\",\"potentialAction\":[{\"@type\":\"ReadAction\",\"target\":[\"https:\/\/buczny.pl\/de\/spiegel-im-badezimmer-notwendigkeit-oder\/\"]}]},{\"@type\":\"ImageObject\",\"inLanguage\":\"de\",\"@id\":\"https:\/\/buczny.pl\/de\/spiegel-im-badezimmer-notwendigkeit-oder\/#primaryimage\",\"url\":\"https:\/\/buczny.pl\/wp-content\/uploads\/2015\/08\/lustro-w-lazience-koniecznosc-czy.jpg\",\"contentUrl\":\"https:\/\/buczny.pl\/wp-content\/uploads\/2015\/08\/lustro-w-lazience-koniecznosc-czy.jpg\",\"width\":370,\"height\":247},{\"@type\":\"BreadcrumbList\",\"@id\":\"https:\/\/buczny.pl\/de\/spiegel-im-badezimmer-notwendigkeit-oder\/#breadcrumb\",\"itemListElement\":[{\"@type\":\"ListItem\",\"position\":1,\"name\":\"Strona g\u0142\u00f3wna\",\"item\":\"https:\/\/buczny.pl\/de\/\"},{\"@type\":\"ListItem\",\"position\":2,\"name\":\"Spiegel im Badezimmer, Notwendigkeit oder \u2026\"}]},{\"@type\":\"WebSite\",\"@id\":\"https:\/\/buczny.pl\/en\/#website\",\"url\":\"https:\/\/buczny.pl\/en\/\",\"name\":\"Anna Buczny Projektowanie i Aran\u017cacja Wn\u0119trz\",\"description\":\"Projektowanie i Aran\u017cacja Wn\u0119trz\",\"potentialAction\":[{\"@type\":\"SearchAction\",\"target\":{\"@type\":\"EntryPoint\",\"urlTemplate\":\"https:\/\/buczny.pl\/en\/?s={search_term_string}\"},\"query-input\":{\"@type\":\"PropertyValueSpecification\",\"valueRequired\":true,\"valueName\":\"search_term_string\"}}],\"inLanguage\":\"de\"},{\"@type\":\"Person\",\"@id\":\"https:\/\/buczny.pl\/en\/#\/schema\/person\/86ba05c49d3ef46476d86e646e57f0f7\",\"name\":\"Anna Buczny\",\"description\":\"Architekt &amp; Founder Anna Buczny PI\u0118KNE WN\u0118TRZA\",\"sameAs\":[\"http:\/\/www.buczny.pl\"]}]}<\/script>\n<!-- \/ Yoast SEO plugin. -->","yoast_head_json":{"title":"Spiegel im Badezimmer, Notwendigkeit oder \u2026 - Anna Buczny Projektowanie i Aran\u017cacja Wn\u0119trz","robots":{"index":"index","follow":"follow","max-snippet":"max-snippet:-1","max-image-preview":"max-image-preview:large","max-video-preview":"max-video-preview:-1"},"canonical":"https:\/\/buczny.pl\/de\/spiegel-im-badezimmer-notwendigkeit-oder\/","og_locale":"de_DE","og_type":"article","og_title":"Spiegel im Badezimmer, Notwendigkeit oder \u2026 - Anna Buczny Projektowanie i Aran\u017cacja Wn\u0119trz","og_description":"Ein Spiegel im Badezimmer hilft nicht nur bei der t\u00e4glichen K\u00f6rperpflege, sondern kann auch den [&hellip;]","og_url":"https:\/\/buczny.pl\/de\/spiegel-im-badezimmer-notwendigkeit-oder\/","og_site_name":"Anna Buczny Projektowanie i Aran\u017cacja Wn\u0119trz","article_published_time":"2015-08-19T09:03:50+00:00","article_modified_time":"2021-10-26T06:34:30+00:00","og_image":[{"width":370,"height":247,"url":"https:\/\/buczny.pl\/wp-content\/uploads\/2015\/08\/lustro-w-lazience-koniecznosc-czy.jpg","type":"image\/jpeg"}],"author":"Anna Buczny","twitter_misc":{"Verfasst von":"Anna Buczny","Gesch\u00e4tzte Lesezeit":"2\u00a0Minuten"},"schema":{"@context":"https:\/\/schema.org","@graph":[{"@type":"WebPage","@id":"https:\/\/buczny.pl\/de\/spiegel-im-badezimmer-notwendigkeit-oder\/","url":"https:\/\/buczny.pl\/de\/spiegel-im-badezimmer-notwendigkeit-oder\/","name":"Spiegel im Badezimmer, Notwendigkeit oder \u2026 - Anna Buczny Projektowanie i Aran\u017cacja Wn\u0119trz","isPartOf":{"@id":"https:\/\/buczny.pl\/en\/#website"},"primaryImageOfPage":{"@id":"https:\/\/buczny.pl\/de\/spiegel-im-badezimmer-notwendigkeit-oder\/#primaryimage"},"image":{"@id":"https:\/\/buczny.pl\/de\/spiegel-im-badezimmer-notwendigkeit-oder\/#primaryimage"},"thumbnailUrl":"https:\/\/buczny.pl\/wp-content\/uploads\/2015\/08\/lustro-w-lazience-koniecznosc-czy.jpg","datePublished":"2015-08-19T09:03:50+00:00","dateModified":"2021-10-26T06:34:30+00:00","author":{"@id":"https:\/\/buczny.pl\/en\/#\/schema\/person\/86ba05c49d3ef46476d86e646e57f0f7"},"breadcrumb":{"@id":"https:\/\/buczny.pl\/de\/spiegel-im-badezimmer-notwendigkeit-oder\/#breadcrumb"},"inLanguage":"de","potentialAction":[{"@type":"ReadAction","target":["https:\/\/buczny.pl\/de\/spiegel-im-badezimmer-notwendigkeit-oder\/"]}]},{"@type":"ImageObject","inLanguage":"de","@id":"https:\/\/buczny.pl\/de\/spiegel-im-badezimmer-notwendigkeit-oder\/#primaryimage","url":"https:\/\/buczny.pl\/wp-content\/uploads\/2015\/08\/lustro-w-lazience-koniecznosc-czy.jpg","contentUrl":"https:\/\/buczny.pl\/wp-content\/uploads\/2015\/08\/lustro-w-lazience-koniecznosc-czy.jpg","width":370,"height":247},{"@type":"BreadcrumbList","@id":"https:\/\/buczny.pl\/de\/spiegel-im-badezimmer-notwendigkeit-oder\/#breadcrumb","itemListElement":[{"@type":"ListItem","position":1,"name":"Strona g\u0142\u00f3wna","item":"https:\/\/buczny.pl\/de\/"},{"@type":"ListItem","position":2,"name":"Spiegel im Badezimmer, Notwendigkeit oder \u2026"}]},{"@type":"WebSite","@id":"https:\/\/buczny.pl\/en\/#website","url":"https:\/\/buczny.pl\/en\/","name":"Anna Buczny Projektowanie i Aran\u017cacja Wn\u0119trz","description":"Projektowanie i Aran\u017cacja Wn\u0119trz","potentialAction":[{"@type":"SearchAction","target":{"@type":"EntryPoint","urlTemplate":"https:\/\/buczny.pl\/en\/?s={search_term_string}"},"query-input":{"@type":"PropertyValueSpecification","valueRequired":true,"valueName":"search_term_string"}}],"inLanguage":"de"},{"@type":"Person","@id":"https:\/\/buczny.pl\/en\/#\/schema\/person\/86ba05c49d3ef46476d86e646e57f0f7","name":"Anna Buczny","description":"Architekt &amp; Founder Anna Buczny PI\u0118KNE WN\u0118TRZA","sameAs":["http:\/\/www.buczny.pl"]}]}},"_links":{"self":[{"href":"https:\/\/buczny.pl\/de\/wp-json\/wp\/v2\/posts\/1349"}],"collection":[{"href":"https:\/\/buczny.pl\/de\/wp-json\/wp\/v2\/posts"}],"about":[{"href":"https:\/\/buczny.pl\/de\/wp-json\/wp\/v2\/types\/post"}],"author":[{"embeddable":true,"href":"https:\/\/buczny.pl\/de\/wp-json\/wp\/v2\/users\/3"}],"replies":[{"embeddable":true,"href":"https:\/\/buczny.pl\/de\/wp-json\/wp\/v2\/comments?post=1349"}],"version-history":[{"count":0,"href":"https:\/\/buczny.pl\/de\/wp-json\/wp\/v2\/posts\/1349\/revisions"}],"wp:featuredmedia":[{"embeddable":true,"href":"https:\/\/buczny.pl\/de\/wp-json\/wp\/v2\/media\/2796"}],"wp:attachment":[{"href":"https:\/\/buczny.pl\/de\/wp-json\/wp\/v2\/media?parent=1349"}],"wp:term":[{"taxonomy":"category","embeddable":true,"href":"https:\/\/buczny.pl\/de\/wp-json\/wp\/v2\/categories?post=1349"},{"taxonomy":"post_tag","embeddable":true,"href":"https:\/\/buczny.pl\/de\/wp-json\/wp\/v2\/tags?post=1349"}],"curies":[{"name":"wp","href":"https:\/\/api.w.org\/{rel}","templated":true}]}}